{"id":343,"date":"2014-01-24T09:01:08","date_gmt":"2014-01-24T09:01:08","guid":{"rendered":"http:\/\/www.cameraortopedico.it\/?p=343"},"modified":"2014-01-31T15:31:49","modified_gmt":"2014-01-31T15:31:49","slug":"prossimi-congressi-2014","status":"publish","type":"post","link":"https:\/\/www.cameraortopedico.it\/?p=343","title":{"rendered":"Prossimi Congressi 2014"},"content":{"rendered":"<p>Verr\u00f2 coinvolto come moderatore al Corso teorico-pratico &#8220;femoro-rotulea dall&#8217;instabilit\u00e0 alla protesi&#8221; che si terr\u00e0 a Genova il giorno 8 Febbraio e come relatore al 45\u00b0 Congresso Nazionale &#8220;O.T.O.D.I.&#8221; che si terr\u00e0 a Bologna nei giorni 8 &#8211; 9 Maggio<\/p>\n<p><a href=\"https:\/\/www.cameraortopedico.it\/wp-content\/uploads\/2014\/01\/Genova.jpg\"><img loading=\"lazy\" decoding=\"async\" src=\"https:\/\/www.cameraortopedico.it\/wp-content\/uploads\/2014\/01\/Genova-211x300.jpg\" alt=\"\" title=\"Genova\" width=\"211\" height=\"300\" class=\"alignleft size-medium wp-image-367\" srcset=\"https:\/\/www.cameraortopedico.it\/wp-content\/uploads\/2014\/01\/Genova-211x300.jpg 211w, https:\/\/www.cameraortopedico.it\/wp-content\/uploads\/2014\/01\/Genova-721x1024.jpg 721w, https:\/\/www.cameraortopedico.it\/wp-content\/uploads\/2014\/01\/Genova.jpg 1746w\" sizes=\"auto, (max-width: 211px) 100vw, 211px\" \/><\/a><\/p>\n<p><a href=\"https:\/\/www.cameraortopedico.it\/wp-content\/uploads\/2014\/01\/locandina.jpg\"><img loading=\"lazy\" decoding=\"async\" src=\"https:\/\/www.cameraortopedico.it\/wp-content\/uploads\/2014\/01\/locandina-213x300.jpg\" alt=\"\" title=\"Bologna\" width=\"213\" height=\"300\" class=\"alignright size-medium wp-image-366\" srcset=\"https:\/\/www.cameraortopedico.it\/wp-content\/uploads\/2014\/01\/locandina-213x300.jpg 213w, https:\/\/www.cameraortopedico.it\/wp-content\/uploads\/2014\/01\/locandina-727x1024.jpg 727w, https:\/\/www.cameraortopedico.it\/wp-content\/uploads\/2014\/01\/locandina.jpg 760w\" sizes=\"auto, (max-width: 213px) 100vw, 213px\" \/><\/a><\/p>\n","protected":false},"excerpt":{"rendered":"<p>Verr\u00f2 coinvolto come moderatore al Corso teorico-pratico &#8220;femoro-rotulea dall&#8217;instabilit\u00e0 alla protesi&#8221; che si terr\u00e0 a Genova il giorno 8 Febbraio e come relatore al 45\u00b0 Congresso Nazionale &#8220;O.T.O.D.I.&#8221; che si terr\u00e0 a Bologna nei giorni 8 &#8211; 9 Maggio<\/p>\n","protected":false},"author":2,"featured_media":0,"comment_status":"closed","ping_status":"open","sticky":false,"template":"","format":"standard","meta":{"footnotes":""},"categories":[1],"tags":[],"class_list":["post-343","post","type-post","status-publish","format-standard","hentry","category-home"],"_links":{"self":[{"href":"https:\/\/www.cameraortopedico.it\/index.php?rest_route=\/wp\/v2\/posts\/343","targetHints":{"allow":["GET"]}}],"collection":[{"href":"https:\/\/www.cameraortopedico.it\/index.php?rest_route=\/wp\/v2\/posts"}],"about":[{"href":"https:\/\/www.cameraortopedico.it\/index.php?rest_route=\/wp\/v2\/types\/post"}],"author":[{"embeddable":true,"href":"https:\/\/www.cameraortopedico.it\/index.php?rest_route=\/wp\/v2\/users\/2"}],"replies":[{"embeddable":true,"href":"https:\/\/www.cameraortopedico.it\/index.php?rest_route=%2Fwp%2Fv2%2Fcomments&post=343"}],"version-history":[{"count":20,"href":"https:\/\/www.cameraortopedico.it\/index.php?rest_route=\/wp\/v2\/posts\/343\/revisions"}],"predecessor-version":[{"id":373,"href":"https:\/\/www.cameraortopedico.it\/index.php?rest_route=\/wp\/v2\/posts\/343\/revisions\/373"}],"wp:attachment":[{"href":"https:\/\/www.cameraortopedico.it\/index.php?rest_route=%2Fwp%2Fv2%2Fmedia&parent=343"}],"wp:term":[{"taxonomy":"category","embeddable":true,"href":"https:\/\/www.cameraortopedico.it\/index.php?rest_route=%2Fwp%2Fv2%2Fcategories&post=343"},{"taxonomy":"post_tag","embeddable":true,"href":"https:\/\/www.cameraortopedico.it\/index.php?rest_route=%2Fwp%2Fv2%2Ftags&post=343"}],"curies":[{"name":"wp","href":"https:\/\/api.w.org\/{rel}","templated":true}]}}